{"id":17924,"date":"2026-04-30T12:48:46","date_gmt":"2026-04-30T10:48:46","guid":{"rendered":"https:\/\/fonspitius.org\/?p=17924"},"modified":"2026-04-30T12:48:46","modified_gmt":"2026-04-30T10:48:46","slug":"asamblea-de-la-confederacion-de-fondos-de-cooperacion-y-solidaridad-en-bilbao","status":"publish","type":"post","link":"https:\/\/fonspitius.org\/es\/asamblea-de-la-confederacion-de-fondos-de-cooperacion-y-solidaridad-en-bilbao\/","title":{"rendered":"Asamblea de la Confederaci\u00f3n de Fondos de Cooperaci\u00f3n y Solidaridad en Bilbao"},"content":{"rendered":"<h3 style=\"text-align: justify;\">Asamblea de la Confederaci\u00f3n de Fondos de Cooperaci\u00f3n y Solidaridad en Bilbao<\/h3>\n<p style=\"text-align: justify;\">Eivissa, 30 de abril de 2026.<br \/>\nAyer tuvo lugar en Bilbao la asamblea de la Confederaci\u00f3n de Fondos de Cooperaci\u00f3n, en la que participaron representantes de los nueve Fondos que la forman y que integran, en su conjunto, un total de 1.235 instituciones locales. Por parte del Fons Piti\u00fas asistieron su vicepresidenta y su gerente, Cristina Costa y Fina Darder.<br \/>\nEn este espacio de coordinaci\u00f3n de la cooperaci\u00f3n municipalista se aprobaron el plan de trabajo y el presupuesto de 2026. Asimismo, se debati\u00f3 sobre los retos que tenemos por delante a partir del compromiso de las instituciones locales de seguir trabajando para afrontarlos desde el respeto a los derechos humanos, la paz y la sostenibilidad.<br \/>\nEl d\u00eda anterior se realiz\u00f3, tambi\u00e9n en Bilbao, una jornada de trabajo de todas las gerencias de los Fondos.<\/p>\n","protected":false},"excerpt":{"rendered":"<p>Asamblea de la Confederaci\u00f3n de Fondos de Cooperaci\u00f3n y Solidaridad en Bilbao Eivissa, 30 de abril de 2026. Ayer tuvo lugar en<\/p>\n","protected":false},"author":5,"featured_media":17916,"comment_status":"closed","ping_status":"closed","sticky":false,"template":"","format":"standard","meta":{"_acf_changed":false,"footnotes":""},"categories":[1],"tags":[],"class_list":["post-17924","post","type-post","status-publish","format-standard","has-post-thumbnail","hentry","category-sin-categoria"],"acf":[],"_links":{"self":[{"href":"https:\/\/fonspitius.org\/es\/wp-json\/wp\/v2\/posts\/17924","targetHints":{"allow":["GET"]}}],"collection":[{"href":"https:\/\/fonspitius.org\/es\/wp-json\/wp\/v2\/posts"}],"about":[{"href":"https:\/\/fonspitius.org\/es\/wp-json\/wp\/v2\/types\/post"}],"author":[{"embeddable":true,"href":"https:\/\/fonspitius.org\/es\/wp-json\/wp\/v2\/users\/5"}],"replies":[{"embeddable":true,"href":"https:\/\/fonspitius.org\/es\/wp-json\/wp\/v2\/comments?post=17924"}],"version-history":[{"count":1,"href":"https:\/\/fonspitius.org\/es\/wp-json\/wp\/v2\/posts\/17924\/revisions"}],"predecessor-version":[{"id":17925,"href":"https:\/\/fonspitius.org\/es\/wp-json\/wp\/v2\/posts\/17924\/revisions\/17925"}],"wp:featuredmedia":[{"embeddable":true,"href":"https:\/\/fonspitius.org\/es\/wp-json\/wp\/v2\/media\/17916"}],"wp:attachment":[{"href":"https:\/\/fonspitius.org\/es\/wp-json\/wp\/v2\/media?parent=17924"}],"wp:term":[{"taxonomy":"category","embeddable":true,"href":"https:\/\/fonspitius.org\/es\/wp-json\/wp\/v2\/categories?post=17924"},{"taxonomy":"post_tag","embeddable":true,"href":"https:\/\/fonspitius.org\/es\/wp-json\/wp\/v2\/tags?post=17924"}],"curies":[{"name":"wp","href":"https:\/\/api.w.org\/{rel}","templated":true}]}}