{"id":10298,"global_id":"fonspitius.org\/es\/?id=10298","global_id_lineage":["fonspitius.org\/es\/?id=10298"],"author":"5","status":"publish","date":"2021-09-07 11:58:52","date_utc":"2021-09-07 11:58:52","modified":"2021-09-07 11:58:52","modified_utc":"2021-09-07 11:58:52","url":"https:\/\/fonspitius.org\/es\/event\/festival-daltres-cinemes-proyeccion-de-la-pelicula-i-am-not-a-witch\/","rest_url":"https:\/\/fonspitius.org\/es\/wp-json\/tribe\/events\/v1\/events\/10298","title":"Festival d&#8217;Altres Cinemes. Proyecci\u00f3n de la pel\u00edcula \u00abI am not a witch\u00bb","description":"<p>El Festival d&#8217;Altres Cinemes, organizado por la Direcci\u00f3 General de Cooperaci\u00f3 (Govern de les Illes Balears), llega a Eivissa con la proyecci\u00f3n de la pel\u00edcula \u00abI am not a witch\u00bb.<\/p>\n<p>S\u00e1bado 11 de septiembre, a las 20h, en el Museo Monogr\u00e1fico Puig des Molins.<\/p>","excerpt":"","slug":"festival-daltres-cinemes-proyeccion-de-la-pelicula-i-am-not-a-witch","image":{"url":"https:\/\/fonspitius.org\/wp-content\/uploads\/11-09-FAC_I-am-not-a-witch_Eivissa_A3.png","id":10293,"extension":"png","width":1685,"height":2383,"sizes":{"medium":{"width":212,"height":300,"mime-type":"image\/png","url":"https:\/\/fonspitius.org\/wp-content\/uploads\/11-09-FAC_I-am-not-a-witch_Eivissa_A3-212x300.png"},"large":{"width":724,"height":1024,"mime-type":"image\/png","url":"https:\/\/fonspitius.org\/wp-content\/uploads\/11-09-FAC_I-am-not-a-witch_Eivissa_A3-724x1024.png"},"thumbnail":{"width":150,"height":150,"mime-type":"image\/png","url":"https:\/\/fonspitius.org\/wp-content\/uploads\/11-09-FAC_I-am-not-a-witch_Eivissa_A3-150x150.png"},"1536x1536":{"width":1086,"height":1536,"mime-type":"image\/png","url":"https:\/\/fonspitius.org\/wp-content\/uploads\/11-09-FAC_I-am-not-a-witch_Eivissa_A3-1086x1536.png"},"2048x2048":{"width":1448,"height":2048,"mime-type":"image\/png","url":"https:\/\/fonspitius.org\/wp-content\/uploads\/11-09-FAC_I-am-not-a-witch_Eivissa_A3-1448x2048.png"},"listado-proyectos":{"width":310,"height":175,"mime-type":"image\/png","url":"https:\/\/fonspitius.org\/wp-content\/uploads\/11-09-FAC_I-am-not-a-witch_Eivissa_A3-310x175.png"},"blog-large":{"width":669,"height":272,"mime-type":"image\/png","url":"https:\/\/fonspitius.org\/wp-content\/uploads\/11-09-FAC_I-am-not-a-witch_Eivissa_A3-669x272.png"},"blog-medium":{"width":320,"height":202,"mime-type":"image\/png","url":"https:\/\/fonspitius.org\/wp-content\/uploads\/11-09-FAC_I-am-not-a-witch_Eivissa_A3-320x202.png"},"recent-posts":{"width":700,"height":441,"mime-type":"image\/png","url":"https:\/\/fonspitius.org\/wp-content\/uploads\/11-09-FAC_I-am-not-a-witch_Eivissa_A3-700x441.png"},"recent-works-thumbnail":{"width":66,"height":66,"mime-type":"image\/png","url":"https:\/\/fonspitius.org\/wp-content\/uploads\/11-09-FAC_I-am-not-a-witch_Eivissa_A3-66x66.png"},"fusion-200":{"width":200,"height":283,"mime-type":"image\/png","url":"https:\/\/fonspitius.org\/wp-content\/uploads\/11-09-FAC_I-am-not-a-witch_Eivissa_A3-200x283.png"},"fusion-400":{"width":400,"height":566,"mime-type":"image\/png","url":"https:\/\/fonspitius.org\/wp-content\/uploads\/11-09-FAC_I-am-not-a-witch_Eivissa_A3-400x566.png"},"fusion-600":{"width":600,"height":849,"mime-type":"image\/png","url":"https:\/\/fonspitius.org\/wp-content\/uploads\/11-09-FAC_I-am-not-a-witch_Eivissa_A3-600x849.png"},"fusion-800":{"width":800,"height":1131,"mime-type":"image\/png","url":"https:\/\/fonspitius.org\/wp-content\/uploads\/11-09-FAC_I-am-not-a-witch_Eivissa_A3-800x1131.png"},"fusion-1200":{"width":1200,"height":1697,"mime-type":"image\/png","url":"https:\/\/fonspitius.org\/wp-content\/uploads\/11-09-FAC_I-am-not-a-witch_Eivissa_A3-1200x1697.png"},"portfolio-full":{"width":940,"height":400,"mime-type":"image\/png","url":"https:\/\/fonspitius.org\/wp-content\/uploads\/11-09-FAC_I-am-not-a-witch_Eivissa_A3-940x400.png"},"portfolio-one":{"width":540,"height":272,"mime-type":"image\/png","url":"https:\/\/fonspitius.org\/wp-content\/uploads\/11-09-FAC_I-am-not-a-witch_Eivissa_A3-540x272.png"},"portfolio-two":{"width":460,"height":295,"mime-type":"image\/png","url":"https:\/\/fonspitius.org\/wp-content\/uploads\/11-09-FAC_I-am-not-a-witch_Eivissa_A3-460x295.png"},"portfolio-three":{"width":300,"height":214,"mime-type":"image\/png","url":"https:\/\/fonspitius.org\/wp-content\/uploads\/11-09-FAC_I-am-not-a-witch_Eivissa_A3-300x214.png"},"portfolio-five":{"width":177,"height":142,"mime-type":"image\/png","url":"https:\/\/fonspitius.org\/wp-content\/uploads\/11-09-FAC_I-am-not-a-witch_Eivissa_A3-177x142.png"}}},"all_day":false,"start_date":"2021-09-11 20:00:00","start_date_details":{"year":"2021","month":"09","day":"11","hour":"20","minutes":"00","seconds":"00"},"end_date":"2021-09-11 22:00:00","end_date_details":{"year":"2021","month":"09","day":"11","hour":"22","minutes":"00","seconds":"00"},"utc_start_date":"2021-09-11 20:00:00","utc_start_date_details":{"year":"2021","month":"09","day":"11","hour":"20","minutes":"00","seconds":"00"},"utc_end_date":"2021-09-11 22:00:00","utc_end_date_details":{"year":"2021","month":"09","day":"11","hour":"22","minutes":"00","seconds":"00"},"timezone":"UTC+0","timezone_abbr":"UTC+0","cost":"","cost_details":{"currency_symbol":"","currency_code":"","currency_position":"suffix","values":[]},"website":"","show_map":false,"show_map_link":false,"hide_from_listings":false,"sticky":false,"featured":false,"categories":[{"name":"Agenda","slug":"agenda","term_group":0,"term_taxonomy_id":102,"taxonomy":"tribe_events_cat","description":"","parent":0,"count":42,"filter":"raw","id":102,"urls":{"self":"https:\/\/fonspitius.org\/es\/wp-json\/tribe\/events\/v1\/categories\/102","collection":"https:\/\/fonspitius.org\/es\/wp-json\/tribe\/events\/v1\/categories"}}],"tags":[],"venue":[],"organizer":[],"custom_fields":[],"json_ld":{"@context":"http:\/\/schema.org","@type":"Event","name":"Festival d&#8217;Altres Cinemes. Proyecci\u00f3n de la pel\u00edcula \u00abI am not a witch\u00bb","description":"&lt;p&gt;El Festival d\\'Altres Cinemes, organizado por la Direcci\u00f3 General de Cooperaci\u00f3 (Govern de les Illes Balears), llega a Eivissa con la proyecci\u00f3n&lt;\/p&gt;\\n","image":"https:\/\/fonspitius.org\/wp-content\/uploads\/11-09-FAC_I-am-not-a-witch_Eivissa_A3.png","url":"https:\/\/fonspitius.org\/es\/event\/festival-daltres-cinemes-proyeccion-de-la-pelicula-i-am-not-a-witch\/","eventAttendanceMode":"https:\/\/schema.org\/OfflineEventAttendanceMode","eventStatus":"https:\/\/schema.org\/EventScheduled","startDate":"2021-09-11T20:00:00+00:00","endDate":"2021-09-11T22:00:00+00:00","performer":"Organization"}}